{"id":3451,"date":"2023-06-07T14:22:27","date_gmt":"2023-06-07T12:22:27","guid":{"rendered":"https:\/\/www.svmed.ch\/blog\/?p=3451"},"modified":"2023-06-12T17:54:24","modified_gmt":"2023-06-12T15:54:24","slug":"assistantes-medicales-gare-a-la-penurie","status":"publish","type":"post","link":"https:\/\/www.svmed.ch\/blog\/assistantes-medicales-gare-a-la-penurie\/","title":{"rendered":"Assistantes m\u00e9dicales: gare \u00e0 la p\u00e9nurie !"},"content":{"rendered":"<div class=\"the-content\"><p><em>Le constat est plut\u00f4t alarmant : bien qu\u2019indispensables dans les cabinets m\u00e9dicaux, les h\u00f4pitaux et toutes les structures de soins, les assistantes m\u00e9dicales sont toujours moins nombreuses. Il incombe aussi aux m\u00e9decins de se mobiliser pour former la rel\u00e8ve et offrir des places d\u2019apprentissage.<\/em><\/p>\n<p>Les m\u00e9decins qui ont une assistante m\u00e9dicale bien form\u00e9e dans leur cabinet connaissent sa plus-value au quotidien. En plus de la gestion courante de l\u2019administration, de la prise de rendez-vous de la patient\u00e8le et de son appr\u00e9ciation d\u2019une situation d\u2019urgence, elle est un bras droit appr\u00e9ci\u00e9 qui peut assurer une pr\u00e9cieuse assistance \u00e0 la consultation. Cela peut \u00eatre pour mesurer la tension art\u00e9rielle, effectuer des injections ou des prises de sang, ou encore assister le m\u00e9decin lors des interventions de petite chirurgie. Form\u00e9e dans le domaine m\u00e9dico-technique, notamment en radiologie et en laboratoire, l\u2019assistante m\u00e9dicale est \u00e9galement \u00e0 m\u00eame de r\u00e9aliser de mani\u00e8re autonome des clich\u00e9s radiologiques et d\u2019analyser des urines ou un pr\u00e9l\u00e8vement sanguin par exemple.<\/p>\n<p>Une profession qui, tout en exigeant des qualit\u00e9s relationnelles et des comp\u00e9tences m\u00e9dico-techniques pointues, impose aux assistantes m\u00e9dicales de se tenir \u00e0 jour en suivant r\u00e9guli\u00e8rement des formations continues.<\/p>\n<h2>Les cabinets doivent former davantage<\/h2>\n<p>Bien qu\u2019elles soient en premi\u00e8re ligne dans les cabinets m\u00e9dicaux et toutes les structures de soins, les nouvelles assistantes m\u00e9dicales ne sont pas en nombre suffisant pour assurer la rel\u00e8ve. Elles seront ainsi moins de 110 \u00e0 obtenir leur CFC en juillet 2023 en Suisse romande.<\/p>\n<p>Les candidates au CFC ne manquent pourtant pas, mais elles peinent \u00e0 trouver des places d\u2019apprentissage. Malheureusement, trop peu de cabinets m\u00e9dicaux en proposent. Il est aujourd\u2019hui plus que jamais essentiel de s&rsquo;engager dans la formation de la rel\u00e8ve, ce qui requiert la mobilisation des m\u00e9decins, des cabinets de groupe et des associations professionnelles. Si nous ne prenons pas nos responsabilit\u00e9s, il risque de ne plus y avoir suffisamment d&rsquo;assistantes m\u00e9dicales qualifi\u00e9es dans les ann\u00e9es \u00e0 venir. N\u2019oublions pas que dans les dix prochaines ann\u00e9es, elles seront nombreuses \u00e0 partir \u00e0 la retraite. Cela rendra la situation encore plus compliqu\u00e9e, en particulier pour les cabinets de premier recours o\u00f9 sont actives 70% des assistantes m\u00e9dicales dipl\u00f4m\u00e9es.<\/p>\n<p>Un accompagnement initial est certes n\u00e9cessaire, mais l\u2019apprentie peut rapidement apporter une aide tr\u00e8s appr\u00e9ciable pour les t\u00e2ches quotidiennes. D\u00e8s la 3e ann\u00e9e, elle est pleinement autonome. Et si un cabinet m\u00e9dical n\u2019a pas toutes les comp\u00e9tences pour assumer cette responsabilit\u00e9, il peut s\u2019associer avec un autre \u00e9tablissement. Par exemple, l\u2019apprentie peut travailler deux jours de la semaine chez un g\u00e9n\u00e9raliste et deux jours chez un gyn\u00e9cologue. Dans cette configuration, tout le monde est gagnant, y compris l\u2019apprentie qui b\u00e9n\u00e9ficiera d\u2019une formation d\u2019autant plus compl\u00e8te.<\/p>\n<h2>Une profession \u00e0 revaloriser<\/h2>\n<p>Faute de trouver suffisamment d\u2019assistantes m\u00e9dicales qualifi\u00e9es sur le march\u00e9, certains cabinets engagent des secr\u00e9taires m\u00e9dicales pour les remplacer. Ceci alors qu\u2019elles ne sont pas habilit\u00e9es \u00e0 effectuer des gestes m\u00e9dico-techniques. Rappelons aussi que la radiologie est r\u00e9gie par une Ordonnance f\u00e9d\u00e9rale et que seuls des professionnels comp\u00e9tents peuvent l\u2019exercer. Or, dans la pratique, les employ\u00e9es qui ne d\u00e9tiennent pas de CFC d\u2019assistante m\u00e9dicale sont nombreuses. Pourtant, une secr\u00e9taire m\u00e9dicale qui va au-del\u00e0 de sa fonction et tente de se suppl\u00e9er \u00e0 une assistante m\u00e9dicale risque gros lors d\u2019un contr\u00f4le, tout comme son employeur. Les cons\u00e9quences peuvent \u00eatre dramatiques, y compris pour le patient qui ne serait sans doute pas d\u2019accord d\u2019\u00eatre pris en charge par du personnel non form\u00e9.<\/p>\n<p>Un autre probl\u00e8me est pr\u00e9occupant : apr\u00e8s quelques ann\u00e9es d\u2019activit\u00e9, beaucoup d\u2019assistantes m\u00e9dicales quittent le m\u00e9tier pour se rediriger vers une autre profession, faute d\u2019une valorisation suffisante. La question se pose : comment faire pour conserver ces pr\u00e9cieuses collaboratrices alors qu\u2019elles sont d\u00e9j\u00e0 rares sur le march\u00e9 ? Commen\u00e7ons par reconna\u00eetre l\u2019\u00e9ventail de leurs comp\u00e9tences \u00e0 leur juste valeur, ce qui est loin d\u2019\u00eatre le cas aujourd\u2019hui.<\/p>\n<p><strong>Si vous \u00eates convaincus de la n\u00e9cessit\u00e9 de garder \u00e0 vos c\u00f4t\u00e9s ces perles rares, investissez-vous dans la formation d\u2019apprenties et dans la revalorisation de cette profession. L\u2019Association romande des assistantes m\u00e9dicales (ARAM) se tient \u00e0 votre disposition pour vous apporter des compl\u00e9ments d\u2019information, n\u2019h\u00e9sitez pas \u00e0 consulter notre site internet ou \u00e0 nous contacter (<a href=\"http:\/\/www.aram-vd.ch\/\" target=\"_blank\" rel=\"noopener\">www.aram-vd.ch<\/a>).<\/strong><\/p>\n<p>Marie-Paule Fauch\u00e8re, pr\u00e9sidente de l\u2019ARAM<\/p>\n<p><em>A lire \u00e9galement : <a href=\"https:\/\/www.ortrafr.ch\/data\/documents\/metiers\/AM\/221221Mobiliser_releve_articleARAM.pdf\" target=\"_blank\" rel=\"noopener\">Les m\u00e9decins doivent se mobiliser pour former la rel\u00e8ve<\/a>, dossier ARAM, d\u00e9cembre 2022.<\/em><\/p>\n<\/div>","protected":false},"excerpt":{"rendered":"<p>Le constat est plut\u00f4t alarmant : bien qu\u2019indispensables dans les cabinets m\u00e9dicaux, les h\u00f4pitaux et toutes les structures de soins, les assistantes m\u00e9dicales sont toujours moins nombreuses. Il incombe aussi aux m\u00e9decins de se mobiliser pour former la rel\u00e8ve et offrir des places d\u2019apprentissage. Les m\u00e9decins qui ont une assistante m\u00e9dicale bien form\u00e9e dans leur [&hellip;]<\/p>\n","protected":false},"author":156,"featured_media":0,"comment_status":"open","ping_status":"closed","sticky":false,"template":"","format":"standard","meta":{"_acf_changed":false,"inline_featured_image":false,"wds_primary_category":0,"footnotes":""},"categories":[30],"tags":[],"class_list":["post-3451","post","type-post","status-publish","format-standard","hentry","category-formation-et-releve-medicale"],"acf":[],"publishpress_future_action":{"enabled":false,"date":"2026-07-26 16:15:36","action":"change-status","newStatus":"draft","terms":[],"taxonomy":"category","extraData":[]},"publishpress_future_workflow_manual_trigger":{"enabledWorkflows":[]},"_links":{"self":[{"href":"https:\/\/www.svmed.ch\/blog\/wp-json\/wp\/v2\/posts\/3451","targetHints":{"allow":["GET"]}}],"collection":[{"href":"https:\/\/www.svmed.ch\/blog\/wp-json\/wp\/v2\/posts"}],"about":[{"href":"https:\/\/www.svmed.ch\/blog\/wp-json\/wp\/v2\/types\/post"}],"author":[{"embeddable":true,"href":"https:\/\/www.svmed.ch\/blog\/wp-json\/wp\/v2\/users\/156"}],"replies":[{"embeddable":true,"href":"https:\/\/www.svmed.ch\/blog\/wp-json\/wp\/v2\/comments?post=3451"}],"version-history":[{"count":8,"href":"https:\/\/www.svmed.ch\/blog\/wp-json\/wp\/v2\/posts\/3451\/revisions"}],"predecessor-version":[{"id":3497,"href":"https:\/\/www.svmed.ch\/blog\/wp-json\/wp\/v2\/posts\/3451\/revisions\/3497"}],"wp:attachment":[{"href":"https:\/\/www.svmed.ch\/blog\/wp-json\/wp\/v2\/media?parent=3451"}],"wp:term":[{"taxonomy":"category","embeddable":true,"href":"https:\/\/www.svmed.ch\/blog\/wp-json\/wp\/v2\/categories?post=3451"},{"taxonomy":"post_tag","embeddable":true,"href":"https:\/\/www.svmed.ch\/blog\/wp-json\/wp\/v2\/tags?post=3451"}],"curies":[{"name":"wp","href":"https:\/\/api.w.org\/{rel}","templated":true}]}}