{"id":2212,"date":"2022-08-26T12:08:11","date_gmt":"2022-08-26T10:08:11","guid":{"rendered":"https:\/\/www.svmed.ch\/doc-mag\/?p=2212"},"modified":"2023-02-20T17:03:16","modified_gmt":"2023-02-20T16:03:16","slug":"jai-fait-un-reve","status":"publish","type":"post","link":"https:\/\/www.svmed.ch\/doc-mag\/jai-fait-un-reve\/","title":{"rendered":"J\u2019ai fait un r\u00eave\u2026"},"content":{"rendered":"<div class=\"the-content\"><p>Sant\u00e9 publique et d\u00e9ontologie m\u00e9dicale ne sont-ils pas des compl\u00e9ments naturels ? La plupart des m\u00e9decins, notamment ceux engag\u00e9s en politique professionnelle, sont sensibles aux enjeux de sant\u00e9 publique et, malgr\u00e9 les obstacles, enclins \u00e0 coop\u00e9rer pour trouver des solutions qui sont dans l\u2019int\u00e9r\u00eat g\u00e9n\u00e9ral et celui de leurs patients. La politique professionnelle est rarement guid\u00e9e par des motifs purement corporatistes, d\u2019autant que les m\u00e9tiers de la m\u00e9decine sont nombreux et divers.<\/p>\n<\/div>","protected":false},"excerpt":{"rendered":"<p>Sant\u00e9 publique et d\u00e9ontologie m\u00e9dicale ne sont-ils pas des compl\u00e9ments naturels ? La plupart des m\u00e9decins, notamment ceux engag\u00e9s en politique professionnelle, sont sensibles aux enjeux de sant\u00e9 publique et, malgr\u00e9 les obstacles, enclins \u00e0 coop\u00e9rer pour trouver des solutions qui sont dans l\u2019int\u00e9r\u00eat g\u00e9n\u00e9ral et celui de leurs patients. La politique professionnelle est rarement [&hellip;]<\/p>\n","protected":false},"author":1,"featured_media":2085,"comment_status":"open","ping_status":"open","sticky":false,"template":"","format":"standard","meta":{"_acf_changed":false,"inline_featured_image":false,"wds_primary_category":0,"footnotes":""},"categories":[20,6],"tags":[],"class_list":["post-2212","post","type-post","status-publish","format-standard","has-post-thumbnail","hentry","category-edito","category-focus"],"acf":[],"publishpress_future_action":{"enabled":false,"date":"2026-05-08 04:41:58","action":"change-status","newStatus":"draft","terms":[],"taxonomy":"category","extraData":[]},"publishpress_future_workflow_manual_trigger":{"enabledWorkflows":[]},"_links":{"self":[{"href":"https:\/\/www.svmed.ch\/doc-mag\/wp-json\/wp\/v2\/posts\/2212","targetHints":{"allow":["GET"]}}],"collection":[{"href":"https:\/\/www.svmed.ch\/doc-mag\/wp-json\/wp\/v2\/posts"}],"about":[{"href":"https:\/\/www.svmed.ch\/doc-mag\/wp-json\/wp\/v2\/types\/post"}],"author":[{"embeddable":true,"href":"https:\/\/www.svmed.ch\/doc-mag\/wp-json\/wp\/v2\/users\/1"}],"replies":[{"embeddable":true,"href":"https:\/\/www.svmed.ch\/doc-mag\/wp-json\/wp\/v2\/comments?post=2212"}],"version-history":[{"count":0,"href":"https:\/\/www.svmed.ch\/doc-mag\/wp-json\/wp\/v2\/posts\/2212\/revisions"}],"wp:featuredmedia":[{"embeddable":true,"href":"https:\/\/www.svmed.ch\/doc-mag\/wp-json\/wp\/v2\/media\/2085"}],"wp:attachment":[{"href":"https:\/\/www.svmed.ch\/doc-mag\/wp-json\/wp\/v2\/media?parent=2212"}],"wp:term":[{"taxonomy":"category","embeddable":true,"href":"https:\/\/www.svmed.ch\/doc-mag\/wp-json\/wp\/v2\/categories?post=2212"},{"taxonomy":"post_tag","embeddable":true,"href":"https:\/\/www.svmed.ch\/doc-mag\/wp-json\/wp\/v2\/tags?post=2212"}],"curies":[{"name":"wp","href":"https:\/\/api.w.org\/{rel}","templated":true}]}}