{"id":2690,"date":"2022-11-28T10:00:14","date_gmt":"2022-11-28T09:00:14","guid":{"rendered":"https:\/\/www.svmed.ch\/doc-mag\/?p=2690"},"modified":"2023-02-14T11:38:45","modified_gmt":"2023-02-14T10:38:45","slug":"le-cas-argovien","status":"publish","type":"post","link":"https:\/\/www.svmed.ch\/doc-mag\/le-cas-argovien\/","title":{"rendered":"D\u00e9s\u00e9tatisation des h\u00f4pitaux publics: le cas argovien"},"content":{"rendered":"<div class=\"the-content\"><p>Dans le canton d&rsquo;Argovie, la privatisation\/externalisation partielle des h\u00f4pitaux publics est sujette \u00e0 discussion depuis un certain temps. En effet, l&rsquo;Etat se trouve dans un conflit de r\u00f4les pouvant engendrer une augmentation des co\u00fbts de la sant\u00e9. D\u2019une part, il est propri\u00e9taire des trois grands h\u00f4pitaux du canton ; d&rsquo;autre part, il intervient en tant que r\u00e9gulateur et garant des soins hospitaliers.<\/p>\n<\/div>","protected":false},"excerpt":{"rendered":"<p>Dans le canton d&rsquo;Argovie, la privatisation\/externalisation partielle des h\u00f4pitaux publics est sujette \u00e0 discussion depuis un certain temps. En effet, l&rsquo;Etat se trouve dans un conflit de r\u00f4les pouvant engendrer une augmentation des co\u00fbts de la sant\u00e9. D\u2019une part, il est propri\u00e9taire des trois grands h\u00f4pitaux du canton ; d&rsquo;autre part, il intervient en tant [&hellip;]<\/p>\n","protected":false},"author":156,"featured_media":2699,"comment_status":"open","ping_status":"open","sticky":false,"template":"","format":"standard","meta":{"_acf_changed":false,"inline_featured_image":false,"wds_primary_category":0,"footnotes":""},"categories":[17,6],"tags":[],"class_list":["post-2690","post","type-post","status-publish","format-standard","has-post-thumbnail","hentry","category-ailleurs","category-focus"],"acf":[],"publishpress_future_action":{"enabled":false,"date":"2026-05-08 02:53:01","action":"change-status","newStatus":"draft","terms":[],"taxonomy":"category","extraData":[]},"publishpress_future_workflow_manual_trigger":{"enabledWorkflows":[]},"_links":{"self":[{"href":"https:\/\/www.svmed.ch\/doc-mag\/wp-json\/wp\/v2\/posts\/2690","targetHints":{"allow":["GET"]}}],"collection":[{"href":"https:\/\/www.svmed.ch\/doc-mag\/wp-json\/wp\/v2\/posts"}],"about":[{"href":"https:\/\/www.svmed.ch\/doc-mag\/wp-json\/wp\/v2\/types\/post"}],"author":[{"embeddable":true,"href":"https:\/\/www.svmed.ch\/doc-mag\/wp-json\/wp\/v2\/users\/156"}],"replies":[{"embeddable":true,"href":"https:\/\/www.svmed.ch\/doc-mag\/wp-json\/wp\/v2\/comments?post=2690"}],"version-history":[{"count":0,"href":"https:\/\/www.svmed.ch\/doc-mag\/wp-json\/wp\/v2\/posts\/2690\/revisions"}],"wp:featuredmedia":[{"embeddable":true,"href":"https:\/\/www.svmed.ch\/doc-mag\/wp-json\/wp\/v2\/media\/2699"}],"wp:attachment":[{"href":"https:\/\/www.svmed.ch\/doc-mag\/wp-json\/wp\/v2\/media?parent=2690"}],"wp:term":[{"taxonomy":"category","embeddable":true,"href":"https:\/\/www.svmed.ch\/doc-mag\/wp-json\/wp\/v2\/categories?post=2690"},{"taxonomy":"post_tag","embeddable":true,"href":"https:\/\/www.svmed.ch\/doc-mag\/wp-json\/wp\/v2\/tags?post=2690"}],"curies":[{"name":"wp","href":"https:\/\/api.w.org\/{rel}","templated":true}]}}