{"id":3090,"date":"2023-02-14T11:51:47","date_gmt":"2023-02-14T10:51:47","guid":{"rendered":"https:\/\/www.svmed.ch\/doc-mag\/?p=3090"},"modified":"2023-02-21T15:10:35","modified_gmt":"2023-02-21T14:10:35","slug":"vers-une-hausse-compensatoire-de-la-valeur-du-point-en-2024","status":"publish","type":"post","link":"https:\/\/www.svmed.ch\/doc-mag\/vers-une-hausse-compensatoire-de-la-valeur-du-point-en-2024\/","title":{"rendered":"Vers une hausse compensatoire de la valeur du point en 2024 ?"},"content":{"rendered":"<div class=\"the-content\"><p>Le graphique ci-dessous montre que depuis quelques ann\u00e9es, et de mani\u00e8re encore plus marqu\u00e9e depuis 2022, la valeur du point TARMED dans le canton de Vaud (VPT) suit une courbe inverse \u00e0 celle de l\u2019inflation, repr\u00e9sent\u00e9e ici par l\u2019indice des prix \u00e0 la consommation (IPC).<\/p>\n<\/div>","protected":false},"excerpt":{"rendered":"<p>Le graphique ci-dessous montre que depuis quelques ann\u00e9es, et de mani\u00e8re encore plus marqu\u00e9e depuis 2022, la valeur du point TARMED dans le canton de Vaud (VPT) suit une courbe inverse \u00e0 celle de l\u2019inflation, repr\u00e9sent\u00e9e ici par l\u2019indice des prix \u00e0 la consommation (IPC).<\/p>\n","protected":false},"author":156,"featured_media":3091,"comment_status":"open","ping_status":"open","sticky":false,"template":"","format":"standard","meta":{"_acf_changed":false,"inline_featured_image":false,"wds_primary_category":0,"footnotes":""},"categories":[14,6],"tags":[],"class_list":["post-3090","post","type-post","status-publish","format-standard","has-post-thumbnail","hentry","category-en-bref","category-focus"],"acf":[],"publishpress_future_action":{"enabled":false,"date":"2026-05-07 21:27:05","action":"change-status","newStatus":"draft","terms":[],"taxonomy":"category","extraData":[]},"publishpress_future_workflow_manual_trigger":{"enabledWorkflows":[]},"_links":{"self":[{"href":"https:\/\/www.svmed.ch\/doc-mag\/wp-json\/wp\/v2\/posts\/3090","targetHints":{"allow":["GET"]}}],"collection":[{"href":"https:\/\/www.svmed.ch\/doc-mag\/wp-json\/wp\/v2\/posts"}],"about":[{"href":"https:\/\/www.svmed.ch\/doc-mag\/wp-json\/wp\/v2\/types\/post"}],"author":[{"embeddable":true,"href":"https:\/\/www.svmed.ch\/doc-mag\/wp-json\/wp\/v2\/users\/156"}],"replies":[{"embeddable":true,"href":"https:\/\/www.svmed.ch\/doc-mag\/wp-json\/wp\/v2\/comments?post=3090"}],"version-history":[{"count":0,"href":"https:\/\/www.svmed.ch\/doc-mag\/wp-json\/wp\/v2\/posts\/3090\/revisions"}],"wp:featuredmedia":[{"embeddable":true,"href":"https:\/\/www.svmed.ch\/doc-mag\/wp-json\/wp\/v2\/media\/3091"}],"wp:attachment":[{"href":"https:\/\/www.svmed.ch\/doc-mag\/wp-json\/wp\/v2\/media?parent=3090"}],"wp:term":[{"taxonomy":"category","embeddable":true,"href":"https:\/\/www.svmed.ch\/doc-mag\/wp-json\/wp\/v2\/categories?post=3090"},{"taxonomy":"post_tag","embeddable":true,"href":"https:\/\/www.svmed.ch\/doc-mag\/wp-json\/wp\/v2\/tags?post=3090"}],"curies":[{"name":"wp","href":"https:\/\/api.w.org\/{rel}","templated":true}]}}