{"id":3477,"date":"2023-09-04T05:05:30","date_gmt":"2023-09-04T03:05:30","guid":{"rendered":"https:\/\/www.svmed.ch\/doc-mag\/?p=3477"},"modified":"2024-02-20T17:13:36","modified_gmt":"2024-02-20T16:13:36","slug":"outre-atlantique-aussi-il-est-temps-de-soigner-les-medecins","status":"publish","type":"post","link":"https:\/\/www.svmed.ch\/doc-mag\/outre-atlantique-aussi-il-est-temps-de-soigner-les-medecins\/","title":{"rendered":"Outre-Atlantique aussi, il est temps de soigner les m\u00e9decins"},"content":{"rendered":"<div class=\"the-content\"><p>Au Canada, les gouvernements des 13 provinces et territoires ont chacun la responsabilit\u00e9 de g\u00e9rer distinctement leur syst\u00e8me de sant\u00e9. Bien que chaque syst\u00e8me puisse faire face \u00e0 des d\u00e9fis particuliers, tous sont confront\u00e9s \u00e0 des enjeux communs, dont la d\u00e9gradation de l\u2019acc\u00e8s aux soins et du bien-\u00eatre des m\u00e9decins.<\/p>\n<\/div>","protected":false},"excerpt":{"rendered":"<p>Au Canada, les gouvernements des 13 provinces et territoires ont chacun la responsabilit\u00e9 de g\u00e9rer distinctement leur syst\u00e8me de sant\u00e9. Bien que chaque syst\u00e8me puisse faire face \u00e0 des d\u00e9fis particuliers, tous sont confront\u00e9s \u00e0 des enjeux communs, dont la d\u00e9gradation de l\u2019acc\u00e8s aux soins et du bien-\u00eatre des m\u00e9decins.<\/p>\n","protected":false},"author":152,"featured_media":3494,"comment_status":"open","ping_status":"closed","sticky":false,"template":"","format":"standard","meta":{"_acf_changed":false,"inline_featured_image":false,"wds_primary_category":0,"footnotes":""},"categories":[17],"tags":[],"class_list":["post-3477","post","type-post","status-publish","format-standard","has-post-thumbnail","hentry","category-ailleurs"],"acf":[],"publishpress_future_action":{"enabled":false,"date":"2026-05-08 02:47:17","action":"change-status","newStatus":"draft","terms":[],"taxonomy":"category","extraData":[]},"publishpress_future_workflow_manual_trigger":{"enabledWorkflows":[]},"_links":{"self":[{"href":"https:\/\/www.svmed.ch\/doc-mag\/wp-json\/wp\/v2\/posts\/3477","targetHints":{"allow":["GET"]}}],"collection":[{"href":"https:\/\/www.svmed.ch\/doc-mag\/wp-json\/wp\/v2\/posts"}],"about":[{"href":"https:\/\/www.svmed.ch\/doc-mag\/wp-json\/wp\/v2\/types\/post"}],"author":[{"embeddable":true,"href":"https:\/\/www.svmed.ch\/doc-mag\/wp-json\/wp\/v2\/users\/152"}],"replies":[{"embeddable":true,"href":"https:\/\/www.svmed.ch\/doc-mag\/wp-json\/wp\/v2\/comments?post=3477"}],"version-history":[{"count":0,"href":"https:\/\/www.svmed.ch\/doc-mag\/wp-json\/wp\/v2\/posts\/3477\/revisions"}],"wp:featuredmedia":[{"embeddable":true,"href":"https:\/\/www.svmed.ch\/doc-mag\/wp-json\/wp\/v2\/media\/3494"}],"wp:attachment":[{"href":"https:\/\/www.svmed.ch\/doc-mag\/wp-json\/wp\/v2\/media?parent=3477"}],"wp:term":[{"taxonomy":"category","embeddable":true,"href":"https:\/\/www.svmed.ch\/doc-mag\/wp-json\/wp\/v2\/categories?post=3477"},{"taxonomy":"post_tag","embeddable":true,"href":"https:\/\/www.svmed.ch\/doc-mag\/wp-json\/wp\/v2\/tags?post=3477"}],"curies":[{"name":"wp","href":"https:\/\/api.w.org\/{rel}","templated":true}]}}