{"id":3490,"date":"2023-09-04T05:01:20","date_gmt":"2023-09-04T03:01:20","guid":{"rendered":"https:\/\/www.svmed.ch\/doc-mag\/?p=3490"},"modified":"2024-02-20T17:14:00","modified_gmt":"2024-02-20T16:14:00","slug":"la-croissance-du-pib-est-superieure-a-celle-des-couts-de-la-sante","status":"publish","type":"post","link":"https:\/\/www.svmed.ch\/doc-mag\/la-croissance-du-pib-est-superieure-a-celle-des-couts-de-la-sante\/","title":{"rendered":"La croissance du PIB est sup\u00e9rieure \u00e0 celle des co\u00fbts de la sant\u00e9"},"content":{"rendered":"<div class=\"the-content\"><p>La forte hausse des co\u00fbts met en p\u00e9ril notre syst\u00e8me de sant\u00e9 \u00bb, a d\u00e9clar\u00e9 la directrice de sant\u00e9suisse Verena Nold dans une contribution sur la plateforme en ligne Medinside en avril dernier. \u00ab Pour que les primes soient encore abordables dans 10 voire 20 ans, il faut r\u00e9agir maintenant \u00bb, a-t-elle \u00e9galement alert\u00e9. Bas\u00e9es sur des \u00e9l\u00e9ments contest\u00e9s, ces d\u00e9clarations n\u2019ont pas manqu\u00e9 de d\u00e9frayer la chronique. Parmi les sceptiques, <strong>Fridolin Marty, responsable de la politique de la sant\u00e9 d&rsquo;economiesuisse<\/strong>, est mont\u00e9 au cr\u00e9neau. La r\u00e9daction de DOC a cherch\u00e9 \u00e0 en savoir plus.<\/p>\n<\/div>","protected":false},"excerpt":{"rendered":"<p>La forte hausse des co\u00fbts met en p\u00e9ril notre syst\u00e8me de sant\u00e9 \u00bb, a d\u00e9clar\u00e9 la directrice de sant\u00e9suisse Verena Nold dans une contribution sur la plateforme en ligne Medinside en avril dernier. \u00ab Pour que les primes soient encore abordables dans 10 voire 20 ans, il faut r\u00e9agir maintenant \u00bb, a-t-elle \u00e9galement alert\u00e9. Bas\u00e9es [&hellip;]<\/p>\n","protected":false},"author":152,"featured_media":3684,"comment_status":"open","ping_status":"closed","sticky":false,"template":"","format":"standard","meta":{"_acf_changed":false,"inline_featured_image":false,"wds_primary_category":6,"footnotes":""},"categories":[16],"tags":[],"class_list":["post-3490","post","type-post","status-publish","format-standard","has-post-thumbnail","hentry","category-politique"],"acf":[],"publishpress_future_action":{"enabled":false,"date":"2026-05-08 04:40:35","action":"change-status","newStatus":"draft","terms":[],"taxonomy":"category","extraData":[]},"publishpress_future_workflow_manual_trigger":{"enabledWorkflows":[]},"_links":{"self":[{"href":"https:\/\/www.svmed.ch\/doc-mag\/wp-json\/wp\/v2\/posts\/3490","targetHints":{"allow":["GET"]}}],"collection":[{"href":"https:\/\/www.svmed.ch\/doc-mag\/wp-json\/wp\/v2\/posts"}],"about":[{"href":"https:\/\/www.svmed.ch\/doc-mag\/wp-json\/wp\/v2\/types\/post"}],"author":[{"embeddable":true,"href":"https:\/\/www.svmed.ch\/doc-mag\/wp-json\/wp\/v2\/users\/152"}],"replies":[{"embeddable":true,"href":"https:\/\/www.svmed.ch\/doc-mag\/wp-json\/wp\/v2\/comments?post=3490"}],"version-history":[{"count":0,"href":"https:\/\/www.svmed.ch\/doc-mag\/wp-json\/wp\/v2\/posts\/3490\/revisions"}],"wp:featuredmedia":[{"embeddable":true,"href":"https:\/\/www.svmed.ch\/doc-mag\/wp-json\/wp\/v2\/media\/3684"}],"wp:attachment":[{"href":"https:\/\/www.svmed.ch\/doc-mag\/wp-json\/wp\/v2\/media?parent=3490"}],"wp:term":[{"taxonomy":"category","embeddable":true,"href":"https:\/\/www.svmed.ch\/doc-mag\/wp-json\/wp\/v2\/categories?post=3490"},{"taxonomy":"post_tag","embeddable":true,"href":"https:\/\/www.svmed.ch\/doc-mag\/wp-json\/wp\/v2\/tags?post=3490"}],"curies":[{"name":"wp","href":"https:\/\/api.w.org\/{rel}","templated":true}]}}