{"id":3786,"date":"2023-11-21T00:02:45","date_gmt":"2023-11-20T23:02:45","guid":{"rendered":"https:\/\/www.svmed.ch\/doc-mag\/?p=3786"},"modified":"2024-02-20T16:57:37","modified_gmt":"2024-02-20T15:57:37","slug":"primes-la-fmh-assure-quune-augmentation-plus-faible-serait-possible","status":"publish","type":"post","link":"https:\/\/www.svmed.ch\/doc-mag\/primes-la-fmh-assure-quune-augmentation-plus-faible-serait-possible\/","title":{"rendered":"Primes: la FMH assure qu\u2019une augmentation plus faible serait possible"},"content":{"rendered":"<div class=\"the-content\"><p>Cet automne, le Conseil f\u00e9d\u00e9ral a annonc\u00e9 une hausse moyenne de 8,7% des primes d\u2019assurance maladie pour 2024. Cette situation irrite la FMH car les co\u00fbts de la sant\u00e9, certes en hausse, n\u2019ont pas explos\u00e9. Le Dr Philippe Eggimann, vice-pr\u00e9sident de la fa\u00eeti\u00e8re des m\u00e9decins, r\u00e9pond aux questions de DOC.<\/p>\n<\/div>","protected":false},"excerpt":{"rendered":"<p>Cet automne, le Conseil f\u00e9d\u00e9ral a annonc\u00e9 une hausse moyenne de 8,7% des primes d\u2019assurance maladie pour 2024. Cette situation irrite la FMH car les co\u00fbts de la sant\u00e9, certes en hausse, n\u2019ont pas explos\u00e9. Le Dr Philippe Eggimann, vice-pr\u00e9sident de la fa\u00eeti\u00e8re des m\u00e9decins, r\u00e9pond aux questions de DOC.<\/p>\n","protected":false},"author":156,"featured_media":3756,"comment_status":"open","ping_status":"open","sticky":false,"template":"","format":"standard","meta":{"_acf_changed":false,"inline_featured_image":false,"wds_primary_category":0,"footnotes":""},"categories":[6,16],"tags":[],"class_list":["post-3786","post","type-post","status-publish","format-standard","has-post-thumbnail","hentry","category-focus","category-politique"],"acf":[],"publishpress_future_action":{"enabled":false,"date":"2026-05-08 01:16:26","action":"change-status","newStatus":"draft","terms":[],"taxonomy":"category","extraData":[]},"publishpress_future_workflow_manual_trigger":{"enabledWorkflows":[]},"_links":{"self":[{"href":"https:\/\/www.svmed.ch\/doc-mag\/wp-json\/wp\/v2\/posts\/3786","targetHints":{"allow":["GET"]}}],"collection":[{"href":"https:\/\/www.svmed.ch\/doc-mag\/wp-json\/wp\/v2\/posts"}],"about":[{"href":"https:\/\/www.svmed.ch\/doc-mag\/wp-json\/wp\/v2\/types\/post"}],"author":[{"embeddable":true,"href":"https:\/\/www.svmed.ch\/doc-mag\/wp-json\/wp\/v2\/users\/156"}],"replies":[{"embeddable":true,"href":"https:\/\/www.svmed.ch\/doc-mag\/wp-json\/wp\/v2\/comments?post=3786"}],"version-history":[{"count":0,"href":"https:\/\/www.svmed.ch\/doc-mag\/wp-json\/wp\/v2\/posts\/3786\/revisions"}],"wp:featuredmedia":[{"embeddable":true,"href":"https:\/\/www.svmed.ch\/doc-mag\/wp-json\/wp\/v2\/media\/3756"}],"wp:attachment":[{"href":"https:\/\/www.svmed.ch\/doc-mag\/wp-json\/wp\/v2\/media?parent=3786"}],"wp:term":[{"taxonomy":"category","embeddable":true,"href":"https:\/\/www.svmed.ch\/doc-mag\/wp-json\/wp\/v2\/categories?post=3786"},{"taxonomy":"post_tag","embeddable":true,"href":"https:\/\/www.svmed.ch\/doc-mag\/wp-json\/wp\/v2\/tags?post=3786"}],"curies":[{"name":"wp","href":"https:\/\/api.w.org\/{rel}","templated":true}]}}