{"id":4435,"date":"2024-08-18T23:59:39","date_gmt":"2024-08-18T21:59:39","guid":{"rendered":"https:\/\/www.svmed.ch\/doc-mag\/?p=4435"},"modified":"2024-11-06T17:13:35","modified_gmt":"2024-11-06T16:13:35","slug":"financement-uniforme-des-prestations-plus-simple-plus-sur-plus-juste","status":"publish","type":"post","link":"https:\/\/www.svmed.ch\/doc-mag\/financement-uniforme-des-prestations-plus-simple-plus-sur-plus-juste\/","title":{"rendered":"Financement uniforme des prestations : plus simple, plus s\u00fbr, plus juste"},"content":{"rendered":"<div class=\"the-content\"><p>Un r\u00e9f\u00e9rendum des syndicats ayant abouti, le peuple suisse est appel\u00e9 \u00e0 s\u2019exprimer sur une nouvelle r\u00e9forme cet automne : le financement uniforme des prestations m\u00e9dicales et de soins (EFAS). Soutenu notamment par la F\u00e9d\u00e9ration des m\u00e9decins suisses (FMH), ce projet vise \u00e0 r\u00e9\u00e9quilibrer la prise en charge des co\u00fbts de la sant\u00e9 entre cantons (via les imp\u00f4ts) et assureurs (via les primes), pr\u00e9parer l\u2019avenir et mettre fin \u00e0 diverses incitations n\u00e9gatives.<\/p>\n<\/div>","protected":false},"excerpt":{"rendered":"<p>Un r\u00e9f\u00e9rendum des syndicats ayant abouti, le peuple suisse est appel\u00e9 \u00e0 s\u2019exprimer sur une nouvelle r\u00e9forme cet automne : le financement uniforme des prestations m\u00e9dicales et de soins (EFAS). Soutenu notamment par la F\u00e9d\u00e9ration des m\u00e9decins suisses (FMH), ce projet vise \u00e0 r\u00e9\u00e9quilibrer la prise en charge des co\u00fbts de la sant\u00e9 entre cantons [&hellip;]<\/p>\n","protected":false},"author":157,"featured_media":4672,"comment_status":"open","ping_status":"open","sticky":false,"template":"","format":"standard","meta":{"_acf_changed":false,"inline_featured_image":false,"wds_primary_category":0,"footnotes":""},"categories":[6,16],"tags":[],"class_list":["post-4435","post","type-post","status-publish","format-standard","has-post-thumbnail","hentry","category-focus","category-politique"],"acf":[],"publishpress_future_action":{"enabled":false,"date":"2026-05-08 01:17:11","action":"change-status","newStatus":"draft","terms":[],"taxonomy":"category","extraData":[]},"publishpress_future_workflow_manual_trigger":{"enabledWorkflows":[]},"_links":{"self":[{"href":"https:\/\/www.svmed.ch\/doc-mag\/wp-json\/wp\/v2\/posts\/4435","targetHints":{"allow":["GET"]}}],"collection":[{"href":"https:\/\/www.svmed.ch\/doc-mag\/wp-json\/wp\/v2\/posts"}],"about":[{"href":"https:\/\/www.svmed.ch\/doc-mag\/wp-json\/wp\/v2\/types\/post"}],"author":[{"embeddable":true,"href":"https:\/\/www.svmed.ch\/doc-mag\/wp-json\/wp\/v2\/users\/157"}],"replies":[{"embeddable":true,"href":"https:\/\/www.svmed.ch\/doc-mag\/wp-json\/wp\/v2\/comments?post=4435"}],"version-history":[{"count":0,"href":"https:\/\/www.svmed.ch\/doc-mag\/wp-json\/wp\/v2\/posts\/4435\/revisions"}],"wp:featuredmedia":[{"embeddable":true,"href":"https:\/\/www.svmed.ch\/doc-mag\/wp-json\/wp\/v2\/media\/4672"}],"wp:attachment":[{"href":"https:\/\/www.svmed.ch\/doc-mag\/wp-json\/wp\/v2\/media?parent=4435"}],"wp:term":[{"taxonomy":"category","embeddable":true,"href":"https:\/\/www.svmed.ch\/doc-mag\/wp-json\/wp\/v2\/categories?post=4435"},{"taxonomy":"post_tag","embeddable":true,"href":"https:\/\/www.svmed.ch\/doc-mag\/wp-json\/wp\/v2\/tags?post=4435"}],"curies":[{"name":"wp","href":"https:\/\/api.w.org\/{rel}","templated":true}]}}