{"id":5857,"date":"2025-11-17T08:00:39","date_gmt":"2025-11-17T07:00:39","guid":{"rendered":"https:\/\/www.svmed.ch\/doc-mag\/?p=5857"},"modified":"2025-11-17T15:02:09","modified_gmt":"2025-11-17T14:02:09","slug":"couts-de-la-sante-moins-eleves-grace-aux-cabinets-vaudois","status":"publish","type":"post","link":"https:\/\/www.svmed.ch\/doc-mag\/couts-de-la-sante-moins-eleves-grace-aux-cabinets-vaudois\/","title":{"rendered":"Co\u00fbts de la sant\u00e9 : moins \u00e9lev\u00e9s gr\u00e2ce aux cabinets vaudois !"},"content":{"rendered":"<div class=\"the-content\"><p>\u00ab Dans le canton de Vaud, ce sont les cabinets qui co\u00fbtent cher. \u00bb Fin septembre, un titre du journal 24 heures a fait r\u00e9agir de nombreuses et nombreux m\u00e9decins install\u00e9\u00b7es, d\u00e9sign\u00e9\u00b7es publiquement coupables de la hausse des co\u00fbts de la sant\u00e9. Pourtant, m\u00e9decins, patient\u00b7es et m\u00eame assureurs le savent bien, c\u2019est le contraire qui est vrai.<\/p>\n<\/div>","protected":false},"excerpt":{"rendered":"<p>\u00ab Dans le canton de Vaud, ce sont les cabinets qui co\u00fbtent cher. \u00bb Fin septembre, un titre du journal 24 heures a fait r\u00e9agir de nombreuses et nombreux m\u00e9decins install\u00e9\u00b7es, d\u00e9sign\u00e9\u00b7es publiquement coupables de la hausse des co\u00fbts de la sant\u00e9. Pourtant, m\u00e9decins, patient\u00b7es et m\u00eame assureurs le savent bien, c\u2019est le contraire qui [&hellip;]<\/p>\n","protected":false},"author":152,"featured_media":5860,"comment_status":"open","ping_status":"open","sticky":false,"template":"","format":"standard","meta":{"_acf_changed":false,"inline_featured_image":false,"wds_primary_category":0,"footnotes":""},"categories":[6,16],"tags":[],"class_list":["post-5857","post","type-post","status-publish","format-standard","has-post-thumbnail","hentry","category-focus","category-politique"],"acf":[],"publishpress_future_action":{"enabled":false,"date":"2026-05-08 00:06:47","action":"change-status","newStatus":"draft","terms":[],"taxonomy":"category","extraData":[]},"publishpress_future_workflow_manual_trigger":{"enabledWorkflows":[]},"_links":{"self":[{"href":"https:\/\/www.svmed.ch\/doc-mag\/wp-json\/wp\/v2\/posts\/5857","targetHints":{"allow":["GET"]}}],"collection":[{"href":"https:\/\/www.svmed.ch\/doc-mag\/wp-json\/wp\/v2\/posts"}],"about":[{"href":"https:\/\/www.svmed.ch\/doc-mag\/wp-json\/wp\/v2\/types\/post"}],"author":[{"embeddable":true,"href":"https:\/\/www.svmed.ch\/doc-mag\/wp-json\/wp\/v2\/users\/152"}],"replies":[{"embeddable":true,"href":"https:\/\/www.svmed.ch\/doc-mag\/wp-json\/wp\/v2\/comments?post=5857"}],"version-history":[{"count":0,"href":"https:\/\/www.svmed.ch\/doc-mag\/wp-json\/wp\/v2\/posts\/5857\/revisions"}],"wp:featuredmedia":[{"embeddable":true,"href":"https:\/\/www.svmed.ch\/doc-mag\/wp-json\/wp\/v2\/media\/5860"}],"wp:attachment":[{"href":"https:\/\/www.svmed.ch\/doc-mag\/wp-json\/wp\/v2\/media?parent=5857"}],"wp:term":[{"taxonomy":"category","embeddable":true,"href":"https:\/\/www.svmed.ch\/doc-mag\/wp-json\/wp\/v2\/categories?post=5857"},{"taxonomy":"post_tag","embeddable":true,"href":"https:\/\/www.svmed.ch\/doc-mag\/wp-json\/wp\/v2\/tags?post=5857"}],"curies":[{"name":"wp","href":"https:\/\/api.w.org\/{rel}","templated":true}]}}