{"id":5876,"date":"2025-11-17T08:00:52","date_gmt":"2025-11-17T07:00:52","guid":{"rendered":"https:\/\/www.svmed.ch\/doc-mag\/?p=5876"},"modified":"2025-11-20T14:12:41","modified_gmt":"2025-11-20T13:12:41","slug":"nommer-les-sequelles-dix-ans-apres-les-camps","status":"publish","type":"post","link":"https:\/\/www.svmed.ch\/doc-mag\/nommer-les-sequelles-dix-ans-apres-les-camps\/","title":{"rendered":"Nommer les s\u00e9quelles dix ans apr\u00e8s les camps"},"content":{"rendered":"<div class=\"the-content\"><p>Les 4 et 5 octobre 1954, Paris accueillait le premier Congr\u00e8s international sur les s\u00e9quelles m\u00e9dicales des personnes d\u00e9port\u00e9es durant la Seconde Guerre mondiale. Dix ans apr\u00e8s la Lib\u00e9ration, l\u2019\u00e9v\u00e9nement faisait le point, \u00e0 travers t\u00e9moignages et \u00e9tudes de sp\u00e9cialistes \u2014 parfois eux-m\u00eames anciens d\u00e9port\u00e9s \u2014 sur les pathologies persistantes chez les survivant\u00b7es.<\/p>\n<\/div>","protected":false},"excerpt":{"rendered":"<p>Les 4 et 5 octobre 1954, Paris accueillait le premier Congr\u00e8s international sur les s\u00e9quelles m\u00e9dicales des personnes d\u00e9port\u00e9es durant la Seconde Guerre mondiale. Dix ans apr\u00e8s la Lib\u00e9ration, l\u2019\u00e9v\u00e9nement faisait le point, \u00e0 travers t\u00e9moignages et \u00e9tudes de sp\u00e9cialistes \u2014 parfois eux-m\u00eames anciens d\u00e9port\u00e9s \u2014 sur les pathologies persistantes chez les survivant\u00b7es.<\/p>\n","protected":false},"author":152,"featured_media":5877,"comment_status":"open","ping_status":"open","sticky":false,"template":"","format":"standard","meta":{"_acf_changed":false,"inline_featured_image":false,"wds_primary_category":0,"footnotes":""},"categories":[6,18],"tags":[],"class_list":["post-5876","post","type-post","status-publish","format-standard","has-post-thumbnail","hentry","category-focus","category-histoire-en-parler"],"acf":[],"publishpress_future_action":{"enabled":false,"date":"2026-05-07 23:50:22","action":"change-status","newStatus":"draft","terms":[],"taxonomy":"category","extraData":[]},"publishpress_future_workflow_manual_trigger":{"enabledWorkflows":[]},"_links":{"self":[{"href":"https:\/\/www.svmed.ch\/doc-mag\/wp-json\/wp\/v2\/posts\/5876","targetHints":{"allow":["GET"]}}],"collection":[{"href":"https:\/\/www.svmed.ch\/doc-mag\/wp-json\/wp\/v2\/posts"}],"about":[{"href":"https:\/\/www.svmed.ch\/doc-mag\/wp-json\/wp\/v2\/types\/post"}],"author":[{"embeddable":true,"href":"https:\/\/www.svmed.ch\/doc-mag\/wp-json\/wp\/v2\/users\/152"}],"replies":[{"embeddable":true,"href":"https:\/\/www.svmed.ch\/doc-mag\/wp-json\/wp\/v2\/comments?post=5876"}],"version-history":[{"count":0,"href":"https:\/\/www.svmed.ch\/doc-mag\/wp-json\/wp\/v2\/posts\/5876\/revisions"}],"wp:featuredmedia":[{"embeddable":true,"href":"https:\/\/www.svmed.ch\/doc-mag\/wp-json\/wp\/v2\/media\/5877"}],"wp:attachment":[{"href":"https:\/\/www.svmed.ch\/doc-mag\/wp-json\/wp\/v2\/media?parent=5876"}],"wp:term":[{"taxonomy":"category","embeddable":true,"href":"https:\/\/www.svmed.ch\/doc-mag\/wp-json\/wp\/v2\/categories?post=5876"},{"taxonomy":"post_tag","embeddable":true,"href":"https:\/\/www.svmed.ch\/doc-mag\/wp-json\/wp\/v2\/tags?post=5876"}],"curies":[{"name":"wp","href":"https:\/\/api.w.org\/{rel}","templated":true}]}}